{"id":3482,"date":"2021-06-17T19:22:59","date_gmt":"2021-06-17T17:22:59","guid":{"rendered":"https:\/\/www.jvigas.com\/?p=3482"},"modified":"2024-09-24T12:31:13","modified_gmt":"2024-09-24T10:31:13","slug":"impronta-carbonio","status":"publish","type":"post","link":"https:\/\/www.jvigas.com\/it\/impronta-carbonio\/","title":{"rendered":"Qual \u00e8 l&#8217;impronta di carbonio?"},"content":{"rendered":"<p>[et_pb_section fb_built=&#8221;1&#8243; _builder_version=&#8221;4.16&#8243; _module_preset=&#8221;default&#8221; global_colors_info=&#8221;{}&#8221;][et_pb_row _builder_version=&#8221;4.21.0&#8243; _module_preset=&#8221;default&#8221; hover_enabled=&#8221;0&#8243; global_colors_info=&#8221;{}&#8221; disabled_on=&#8221;on|on|on&#8221; disabled=&#8221;on&#8221; ab_subject=&#8221;on&#8221; ab_subject_id=&#8221;1&#8243; sticky_enabled=&#8221;0&#8243;][et_pb_column type=&#8221;4_4&#8243; _builder_version=&#8221;4.16&#8243; _module_preset=&#8221;default&#8221; global_colors_info=&#8221;{}&#8221;][\/et_pb_column][\/et_pb_row][et_pb_row _builder_version=&#8221;4.21.0&#8243; _module_preset=&#8221;default&#8221; hover_enabled=&#8221;0&#8243; global_colors_info=&#8221;{}&#8221; disabled_on=&#8221;on|on|on&#8221; disabled=&#8221;on&#8221; ab_subject=&#8221;on&#8221; ab_subject_id=&#8221;2&#8243; sticky_enabled=&#8221;0&#8243;][et_pb_column type=&#8221;4_4&#8243; _builder_version=&#8221;4.16&#8243; _module_preset=&#8221;default&#8221; global_colors_info=&#8221;{}&#8221;][\/et_pb_column][\/et_pb_row][et_pb_row column_structure=&#8221;1_2,1_2&#8243; _builder_version=&#8221;4.21.0&#8243; _module_preset=&#8221;default&#8221; global_colors_info=&#8221;{}&#8221; locked=&#8221;off&#8221;][et_pb_column type=&#8221;1_2&#8243; _builder_version=&#8221;4.20.2&#8243; _module_preset=&#8221;default&#8221; global_colors_info=&#8221;{}&#8221;][et_pb_image src=&#8221;https:\/\/www.jvigas.com\/wp-content\/uploads\/2021\/05\/jvigas_so.jpg&#8221; title_text=&#8221;jvigas_so&#8221; _builder_version=&#8221;4.20.2&#8243; _module_preset=&#8221;default&#8221; global_colors_info=&#8221;{}&#8221;][\/et_pb_image][\/et_pb_column][et_pb_column type=&#8221;1_2&#8243; _builder_version=&#8221;4.20.2&#8243; _module_preset=&#8221;default&#8221; global_colors_info=&#8221;{}&#8221;][et_pb_text _builder_version=&#8221;4.20.2&#8243; _module_preset=&#8221;default&#8221; custom_padding=&#8221;109px|||||&#8221; global_colors_info=&#8221;{}&#8221;]<\/p>\n<p class=\"entry-title\" style=\"text-align: center;\"><strong>INTERVISTA<\/strong><\/p>\n<h1 class=\"entry-title\" style=\"text-align: center;\">Cos&#8217;\u00e8 l&#8217;impronta di carbonio?<\/h1>\n<h3 style=\"text-align: center;\"><\/h3>\n<p style=\"text-align: center;\"><span class=\"s1\">Intervista a Raquel de Nadal, Direttore della sostenibilit\u00e0 e dell&#8217;innovazione<\/span><\/p>\n<h5 style=\"text-align: center;\"><\/h5>\n<h5 style=\"text-align: center;\">Maggio 2021<\/h5>\n<p>[\/et_pb_text][\/et_pb_column][\/et_pb_row][et_pb_row _builder_version=&#8221;4.16&#8243; _module_preset=&#8221;default&#8221; background_color=&#8221;#004f59&#8243; custom_padding=&#8221;|||40px||&#8221; global_colors_info=&#8221;{}&#8221;][et_pb_column type=&#8221;4_4&#8243; _builder_version=&#8221;4.16&#8243; _module_preset=&#8221;default&#8221; global_colors_info=&#8221;{}&#8221;][et_pb_text _builder_version=&#8221;4.16&#8243; _module_preset=&#8221;default&#8221; text_text_color=&#8221;#ffffff&#8221; custom_padding=&#8221;|40px||0px||&#8221; global_colors_info=&#8221;{}&#8221;]<\/p>\n<p class=\"p1\"><span class=\"s1\">Raquel de Nadal ha una laurea in Chimica, un master in Ingegneria ambientale aziendale e attualmente sta facendo un dottorato di ricerca presso l&#8217;UdG. Si caratterizza per la sua personalit\u00e0 imprenditoriale e per la sua visione. Non lascia che la quotidianit\u00e0 gli impedisca di guardare oltre, ed \u00e8 capace di proiettare le sue idee per realizzare trasformazioni profonde. <br \/>Divertiti a lavorare a due velocit\u00e0, da un lato i progetti a breve termine e la gestione quotidiana del laboratorio, e dall&#8217;altro pensare a dove vogliamo andare come azienda e quali passi dobbiamo compiere ora per essere chi vogliamo essere tra dieci anni. <br \/>In J \u00b7 V dal 2013 promuove progetti di innovazione e ricerca e, attualmente, punta sulla sostenibilit\u00e0, aspetto che, sin dalla nuova generazione alla guida dell&#8217;azienda, ha voluto fortemente promuovere. <br \/>\u00c8 stata recentemente nominata <strong>Direttore della sostenibilit\u00e0 e dell&#8217;innovazione<\/strong>. In effetti, crede che entrambe le aree dovrebbero andare di pari passo e che l&#8217;una non ha senso senza l&#8217;altra.<\/span><\/p>\n<p>[\/et_pb_text][\/et_pb_column][\/et_pb_row][et_pb_row column_structure=&#8221;3_5,2_5&#8243; _builder_version=&#8221;4.16&#8243; _module_preset=&#8221;default&#8221; custom_padding=&#8221;35px|||||&#8221; global_colors_info=&#8221;{}&#8221;][et_pb_column type=&#8221;3_5&#8243; _builder_version=&#8221;4.16&#8243; _module_preset=&#8221;default&#8221; global_colors_info=&#8221;{}&#8221;][et_pb_text _builder_version=&#8221;4.16&#8243; _module_preset=&#8221;default&#8221; header_line_height=&#8221;1.3em&#8221; header_2_font=&#8221;||||||||&#8221; header_3_font_size=&#8221;16px&#8221; header_4_font=&#8221;Montserrat|700|||||||&#8221; header_4_font_size=&#8221;14px&#8221; header_4_line_height=&#8221;1.6em&#8221; header_5_font=&#8221;Montserrat||||||||&#8221; header_5_text_color=&#8221;#6b6b6b&#8221; header_5_font_size=&#8221;14px&#8221; custom_padding=&#8221;0px|||||&#8221; global_colors_info=&#8221;{}&#8221; ab_goal=&#8221;on&#8221;]<\/p>\n<h4 class=\"p1\"><span class=\"s1\">Il tuo ruolo in J \u00b7 Vigas \u00e8 quello di essere un promotore di cambiamenti negli aspetti di sostenibilit\u00e0 e innovazione e di avere uno spirito visionario per segnare il percorso verso il futuro. Come immagini J\u00b7V in cinque anni?<\/span><\/h4>\n<p class=\"p1\"><span class=\"s1\">Penso che sia importante avere sostenibilit\u00e0 e innovazione &#8211; che devono essere sempre collegate &#8211; come pilastri strategici.<\/span><\/p>\n<p class=\"p1\"><span class=\"s1\">Per questo ci impegniamo e vorremmo essere un&#8217;organizzazione di riferimento nella sostenibilit\u00e0, un modello da seguire come azienda, non solo nel settore del sughero.<\/span><\/p>\n<p class=\"p1\">\n<h4 class=\"p1\"><span class=\"s1\">La sostenibilit\u00e0 ultimamente \u00e8 legata all&#8217;impronta di carbonio. Potresti spiegarci brevemente cos&#8217;\u00e8 l&#8217;impronta di carbonio e perch\u00e9 \u00e8 importante?<\/span><\/h4>\n<p class=\"p1\"><span class=\"s1\">L&#8217;impronta di carbonio \u00e8 il modo per misurare le emissioni di gas serra (GHG). \u00c8 un indicatore ambientale che misura l&#8217;impatto che le nostre attivit\u00e0 hanno sull&#8217;ambiente. Puoi misurare l&#8217;impronta di un prodotto, servizio o di un&#8217;azienda in generale, di tutta la sua attivit\u00e0.<\/span><\/p>\n<p class=\"p1\"><span class=\"s1\">\u00c8 importante perch\u00e9 l&#8217;UE vuole raggiungere la neutralit\u00e0 climatica entro il 2050. La neutralit\u00e0 viene raggiunta quando la stessa quantit\u00e0 di L&#8217;anidride carbonica nell&#8217;atmosfera da cui viene rimossa in modi diversi, \u00e8 anche chiamata equilibrio zero o impronta di carbonio zero. Inoltre, \u00e8 uno degli obiettivi dell&#8217;Agenda 2030. Nello specifico, l&#8217;obiettivo 13 segna l&#8217;applicazione di misure urgenti per combattere e \/ o adattarsi ai cambiamenti climatici.<\/span><\/p>\n<p>[\/et_pb_text][\/et_pb_column][et_pb_column type=&#8221;2_5&#8243; _builder_version=&#8221;4.16&#8243; _module_preset=&#8221;default&#8221; global_colors_info=&#8221;{}&#8221;][et_pb_image src=&#8221;https:\/\/www.jvigas.com\/wp-content\/uploads\/2021\/04\/Raquel-copia.jpeg&#8221; title_text=&#8221;Raquel copia&#8221; _builder_version=&#8221;4.16&#8243; _module_preset=&#8221;default&#8221; custom_padding=&#8221;||0px|||&#8221; global_colors_info=&#8221;{}&#8221;][\/et_pb_image][\/et_pb_column][\/et_pb_row][et_pb_row _builder_version=&#8221;4.16&#8243; _module_preset=&#8221;default&#8221; custom_padding=&#8221;1px|||||&#8221; global_colors_info=&#8221;{}&#8221;][et_pb_column type=&#8221;4_4&#8243; _builder_version=&#8221;4.16&#8243; _module_preset=&#8221;default&#8221; global_colors_info=&#8221;{}&#8221;][et_pb_text _builder_version=&#8221;4.16&#8243; _module_preset=&#8221;default&#8221; header_line_height=&#8221;1.3em&#8221; header_2_font=&#8221;||||||||&#8221; header_3_font_size=&#8221;16px&#8221; header_4_font=&#8221;Montserrat|700|||||||&#8221; header_4_font_size=&#8221;14px&#8221; header_4_line_height=&#8221;1.6em&#8221; header_5_font=&#8221;Montserrat||||||||&#8221; header_5_text_color=&#8221;#6b6b6b&#8221; header_5_font_size=&#8221;14px&#8221; global_colors_info=&#8221;{}&#8221;]<\/p>\n<p class=\"p2\"><span style=\"font-size: 14px; color: #004d59; font-weight: bold;\">Come viene misurata l&#8217;impronta di carbonio?<\/span><br \/><span class=\"s1\"><\/span><\/p>\n<p class=\"p1\"><span class=\"s1\">Ci sono persone che pensano che non ci siano standard internazionali per misurare l&#8217;impronta di carbonio.<\/span><\/p>\n<p class=\"p1\"><span class=\"s1\">Dobbiamo distinguere tra l&#8217;impronta di un&#8217;organizzazione o di un prodotto: per misurare l&#8217;impronta di carbonio di un&#8217;organizzazione, tutte le emissioni di gas serra (GHG) vengono analizzate in un determinato periodo, generando un inventario.<\/span><\/p>\n<p class=\"p1\"><span class=\"s1\">Per quanto riguarda il calcolo dell&#8217;impronta di un prodotto, come il tappo naturale, ad esempio, tutte le emissioni di GHG vengono analizzate durante il ciclo di vita del prodotto utilizzando gli standard PAS 2050: 2011 o ISO 14067: 2018.<\/span><\/p>\n<p class=\"p1\"><span class=\"s1\">Sfruttando l&#8217;implementazione del sistema ISO 14001, vogliamo ottenere un certificato che attesti il \u200b\u200bvalore dell&#8217;impronta di carbonio dei nostri tappi, sulla base di questi standard internazionali. Attraverso questa Analisi del Ciclo di Vita conosceremo l&#8217;impatto ambientale dei nostri processi e potremo migliorare sulla via della sostenibilit\u00e0.<\/span><\/p>\n<p class=\"p2\"><span class=\"s1\"><\/span><\/p>\n<h4 class=\"p1\"><span class=\"s1\">Con tutto quello che ci hai detto, consideri l&#8217;impronta di carbonio lo strumento pi\u00f9 efficiente per sapere quanto sia sostenibile un&#8217;azienda?<\/span><\/h4>\n<p class=\"p1\"><span class=\"s1\">Per tutto quello che ho appena accennato, credo di pi\u00f9 in una certificazione come la ISO 14001. Secondo me \u00e8 pi\u00f9 importante sapere se l&#8217;azienda ha un sistema di gestione ambientale certificato, che aiuta a capire se la gestione viene fatta correttamente oppure pu\u00f2 essere migliorato e come. L&#8217;impronta \u00e8 come una radiografia, ma l&#8217;importante \u00e8 implementare un sistema che comporti un miglioramento continuo all&#8217;interno dell&#8217;organizzazione che copre diversi livelli, dal livello produttivo, passando per il sistema di gestione dei rifiuti o studiando da dove proviene la materia prima. Un sistema di gestione ambientale implica l&#8217;integrazione della sostenibilit\u00e0 a livello trasversale per essere il pi\u00f9 efficiente possibile.<\/span><\/p>\n<p class=\"p2\"><span class=\"s1\"><\/span><\/p>\n<h4 class=\"p1\"><span class=\"s1\">Attualmente tutti parlano di sostenibilit\u00e0 ed \u00e8 difficile sapere quale prodotto sia veramente sostenibile. Come posso essere sicuro della sostenibilit\u00e0 o meno di un prodotto?<\/span><\/h4>\n<p class=\"p1\"><span class=\"s1\">\u00c8 vero che, come consumatori o clienti, a volte dobbiamo fare uno sforzo e fare un po &#8216;di ricerca per non rimanere intrappolati nei titoli o nei messaggi di marketing. Penso che l&#8217;importante sia sapere se l&#8217;azienda dispone di un sistema di gestione ambientale avallato da qualche certificazione esterna.<\/span><\/p>\n<p class=\"p2\"><span class=\"s1\"><\/span><\/p>\n<h4 class=\"p1\"><span class=\"s1\">Esiste una certificazione internazionale che misura l&#8217;impronta di carbonio delle aziende?<\/span><\/h4>\n<p class=\"p1\"><span class=\"s1\">Se un&#8217;azienda vuole misurare la sua impronta, pu\u00f2 prendere come riferimento i regolamenti ISO e UNE, ma questi regolamenti sono solo una guida, ti daranno strumenti o ti diranno cosa misurare, ma ogni azienda pu\u00f2 adattare la guida al suo criteri interni. Pertanto, un&#8217;azienda pu\u00f2 prendere come riferimento le condizioni pi\u00f9 favorevoli mentre un&#8217;altra prende come riferimento una media delle condizioni meno e pi\u00f9 favorevoli, risultando in valori molto diversi in quanto dipendono da criteri di valutazione interna.<\/span><\/p>\n<p class=\"p2\"><span class=\"s1\"><\/span><\/p>\n<h4 class=\"p1\"><span class=\"s1\">\u00c8 per questo che, in riferimento all&#8217;industria del sughero, troviamo cifre molto diverse in relazione all&#8217;impronta di carbonio?<\/span><\/h4>\n<p class=\"p1\"><span class=\"s1\">Esattamente. Ci\u00f2 non significa che un&#8217;azienda imbroglia, o non faccia bene i calcoli, o sia pi\u00f9 inquinante dell&#8217;altra.<\/span><\/p>\n<p class=\"p1\"><span class=\"s1\">Dato che l&#8217;impronta pu\u00f2 essere calcolata seguendo diversi criteri, a mio avviso il calcolo dell&#8217;impronta di carbonio dovrebbe aiutare un&#8217;azienda a conoscere di pi\u00f9 e meglio i propri processi, facendoli quantificare con un valore e, quindi, essere in grado di attuare una strategia di riduzione e \/ o compensazione delle emissioni.<\/span><\/p>\n<p class=\"p2\"><span class=\"s1\"><\/span><\/p>\n<h4 class=\"p1\"><span class=\"s1\">Insieme all&#8217;Istituto Catalano del Sughero e ReMa Ingenier\u00eda, sta sviluppando uno studio per creare un nuovo sistema di valutazione. Su cosa stai basando la tua ricerca?<\/span><\/h4>\n<p class=\"p1\"><span class=\"s1\">Stiamo calcolando l&#8217;impronta di carbonio dei nostri tappi dalle foreste, passando attraverso le prime fasi del processo di produzione che facciamo nella nostra azienda Vimatap\u00b715 in Extremadura, proseguendo con il processo di produzione presso la nostra sede di Palafrugell e fino alla fine della loro utilit\u00e0 vita. Ci basiamo su normative internazionali esistenti e stiamo cercando i criteri pi\u00f9 affidabili con la realt\u00e0 per ottenere un calcolo oggettivo, e che possano essere utili per promuovere normative a livello internazionale e nazionale, poich\u00e9 facciamo parte del comitato CTN56 \/ SC5 CORK sottocomitato.<\/span><\/p>\n<p class=\"p2\"><span class=\"s1\"><\/span><\/p>\n<h4 class=\"p1\"><span class=\"s1\">Avr\u00e0 riconoscimento internazionale?<\/span><\/h4>\n<p class=\"p1\"><span class=\"s1\">Uno dei nostri obiettivi \u00e8 realizzare un sistema di valutazione secondo criteri internazionali. Anche se l&#8217;obiettivo principale in questo momento \u00e8 trovare il modo migliore per calcolare l&#8217;impronta reale dei nostri tappi.<\/span><\/p>\n<p class=\"p2\"><span class=\"s1\"><\/span><\/p>\n<h4 class=\"p1\"><span class=\"s1\">Coprir\u00e0 altri settori o solo il sughero?<\/span><\/h4>\n<p class=\"p1\"><span class=\"s1\">Date le particolarit\u00e0 del nostro settore, servir\u00e0 solo l&#8217;industria del sughero.<\/span><\/p>\n<p class=\"p2\"><span class=\"s1\"><\/span><\/p>\n<h4 class=\"p1\"><span class=\"s1\">In relazione a J\u00b7Vigas, come pu\u00f2 un cliente sapere se si tratta di un&#8217;azienda sostenibile?<\/span><\/h4>\n<p class=\"p1\"><span class=\"s1\">Crediamo in una politica di trasparenza e onest\u00e0. Nella <strong><span style=\"text-decoration: underline;\"><a href=\"https:\/\/www.jvigas.com\/it\/sostenibilita\/\" target=\"_blank\" rel=\"noopener noreferrer\">sezione sostenibilit\u00e0 del nostro sito web<\/a><\/span><\/strong> puoi trovare tutte le azioni che stiamo portando avanti in questo momento per ridurre il nostro impatto ambientale. E penso anche che sia importante anche sapere dove vogliamo andare e come ci stiamo avvicinando ai progetti di R &amp; S &amp; I che stiamo portando avanti in modo che anche loro vadano su questa linea.<\/span><\/p>\n<p class=\"p2\"><span class=\"s1\"><\/span><\/p>\n<h4 class=\"p1\"><span class=\"s1\">Quali certificati di sostenibilit\u00e0 ha J\u00b7Vigas?<\/span><\/h4>\n<p class=\"p1\"><span class=\"s1\">Siamo certificati ISO 14001 che ci ha aiutato a creare la nostra roadmap per i prossimi anni.<\/span><\/p>\n<p class=\"p2\">\n<p>[\/et_pb_text][\/et_pb_column][\/et_pb_row][\/et_pb_section]<\/p>\n","protected":false},"excerpt":{"rendered":"<p>Entrevista a Raquel de Nadal, Directora de Sostenibilidad e Innovaci\u00f3n<\/p>\n","protected":false},"author":2,"featured_media":3580,"comment_status":"open","ping_status":"open","sticky":false,"template":"","format":"standard","meta":{"_et_pb_use_builder":"on","_et_pb_old_content":"","_et_gb_content_width":"","footnotes":""},"categories":[51,63],"tags":[],"class_list":["post-3482","post","type-post","status-publish","format-standard","has-post-thumbnail","hentry","category-jvigas-it","category-innovazione"],"yoast_head":"<!-- This site is optimized with the Yoast SEO plugin v26.3 - https:\/\/yoast.com\/wordpress\/plugins\/seo\/ -->\n<title>Qual \u00e8 l&#039;impronta di carbonio? - J\u00b7Vigas<\/title>\n<meta name=\"robots\" content=\"index, follow, max-snippet:-1, max-image-preview:large, max-video-preview:-1\" \/>\n<link rel=\"canonical\" href=\"https:\/\/www.jvigas.com\/it\/impronta-carbonio\/\" \/>\n<meta property=\"og:locale\" content=\"it_IT\" \/>\n<meta property=\"og:type\" content=\"article\" \/>\n<meta property=\"og:title\" content=\"Qual \u00e8 l&#039;impronta di carbonio? - J\u00b7Vigas\" \/>\n<meta property=\"og:description\" content=\"Entrevista a Raquel de Nadal, Directora de Sostenibilidad e Innovaci\u00f3n\" \/>\n<meta property=\"og:url\" content=\"https:\/\/www.jvigas.com\/it\/impronta-carbonio\/\" \/>\n<meta property=\"og:site_name\" content=\"J\u00b7Vigas\" \/>\n<meta property=\"article:published_time\" content=\"2021-06-17T17:22:59+00:00\" \/>\n<meta property=\"article:modified_time\" content=\"2024-09-24T10:31:13+00:00\" \/>\n<meta property=\"og:image\" content=\"https:\/\/www.jvigas.com\/wp-content\/uploads\/2021\/05\/jvigas_so.jpg\" \/>\n\t<meta property=\"og:image:width\" content=\"1472\" \/>\n\t<meta property=\"og:image:height\" content=\"1475\" \/>\n\t<meta property=\"og:image:type\" content=\"image\/jpeg\" \/>\n<meta name=\"author\" content=\"jvigas\" \/>\n<meta name=\"twitter:card\" content=\"summary_large_image\" \/>\n<meta name=\"twitter:label1\" content=\"Scritto da\" \/>\n\t<meta name=\"twitter:data1\" content=\"jvigas\" \/>\n\t<meta name=\"twitter:label2\" content=\"Tempo di lettura stimato\" \/>\n\t<meta name=\"twitter:data2\" content=\"6 minuti\" \/>\n<script type=\"application\/ld+json\" class=\"yoast-schema-graph\">{\"@context\":\"https:\/\/schema.org\",\"@graph\":[{\"@type\":\"WebPage\",\"@id\":\"https:\/\/www.jvigas.com\/it\/impronta-carbonio\/\",\"url\":\"https:\/\/www.jvigas.com\/it\/impronta-carbonio\/\",\"name\":\"Qual \u00e8 l'impronta di carbonio? - J\u00b7Vigas\",\"isPartOf\":{\"@id\":\"https:\/\/www.jvigas.com\/#website\"},\"primaryImageOfPage\":{\"@id\":\"https:\/\/www.jvigas.com\/it\/impronta-carbonio\/#primaryimage\"},\"image\":{\"@id\":\"https:\/\/www.jvigas.com\/it\/impronta-carbonio\/#primaryimage\"},\"thumbnailUrl\":\"https:\/\/www.jvigas.com\/wp-content\/uploads\/2021\/05\/jvigas_so.jpg\",\"datePublished\":\"2021-06-17T17:22:59+00:00\",\"dateModified\":\"2024-09-24T10:31:13+00:00\",\"author\":{\"@id\":\"https:\/\/www.jvigas.com\/#\/schema\/person\/6000b0f06a431d233894abea60efa5d0\"},\"breadcrumb\":{\"@id\":\"https:\/\/www.jvigas.com\/it\/impronta-carbonio\/#breadcrumb\"},\"inLanguage\":\"it-IT\",\"potentialAction\":[{\"@type\":\"ReadAction\",\"target\":[\"https:\/\/www.jvigas.com\/it\/impronta-carbonio\/\"]}]},{\"@type\":\"ImageObject\",\"inLanguage\":\"it-IT\",\"@id\":\"https:\/\/www.jvigas.com\/it\/impronta-carbonio\/#primaryimage\",\"url\":\"https:\/\/www.jvigas.com\/wp-content\/uploads\/2021\/05\/jvigas_so.jpg\",\"contentUrl\":\"https:\/\/www.jvigas.com\/wp-content\/uploads\/2021\/05\/jvigas_so.jpg\",\"width\":1472,\"height\":1475},{\"@type\":\"BreadcrumbList\",\"@id\":\"https:\/\/www.jvigas.com\/it\/impronta-carbonio\/#breadcrumb\",\"itemListElement\":[{\"@type\":\"ListItem\",\"position\":1,\"name\":\"Home\",\"item\":\"https:\/\/www.jvigas.com\/it\/\"},{\"@type\":\"ListItem\",\"position\":2,\"name\":\"Qual \u00e8 l&#8217;impronta di carbonio?\"}]},{\"@type\":\"WebSite\",\"@id\":\"https:\/\/www.jvigas.com\/#website\",\"url\":\"https:\/\/www.jvigas.com\/\",\"name\":\"J\u00b7Vigas\",\"description\":\"Naturaleza \u00b7 Artesan\u00eda \u00b7 Ciencia - Tapones de corcho desde 1887\",\"potentialAction\":[{\"@type\":\"SearchAction\",\"target\":{\"@type\":\"EntryPoint\",\"urlTemplate\":\"https:\/\/www.jvigas.com\/?s={search_term_string}\"},\"query-input\":{\"@type\":\"PropertyValueSpecification\",\"valueRequired\":true,\"valueName\":\"search_term_string\"}}],\"inLanguage\":\"it-IT\"},{\"@type\":\"Person\",\"@id\":\"https:\/\/www.jvigas.com\/#\/schema\/person\/6000b0f06a431d233894abea60efa5d0\",\"name\":\"jvigas\",\"url\":\"https:\/\/www.jvigas.com\/it\/author\/jvigas\/\"}]}<\/script>\n<!-- \/ Yoast SEO plugin. -->","yoast_head_json":{"title":"Qual \u00e8 l'impronta di carbonio? - J\u00b7Vigas","robots":{"index":"index","follow":"follow","max-snippet":"max-snippet:-1","max-image-preview":"max-image-preview:large","max-video-preview":"max-video-preview:-1"},"canonical":"https:\/\/www.jvigas.com\/it\/impronta-carbonio\/","og_locale":"it_IT","og_type":"article","og_title":"Qual \u00e8 l'impronta di carbonio? - J\u00b7Vigas","og_description":"Entrevista a Raquel de Nadal, Directora de Sostenibilidad e Innovaci\u00f3n","og_url":"https:\/\/www.jvigas.com\/it\/impronta-carbonio\/","og_site_name":"J\u00b7Vigas","article_published_time":"2021-06-17T17:22:59+00:00","article_modified_time":"2024-09-24T10:31:13+00:00","og_image":[{"width":1472,"height":1475,"url":"https:\/\/www.jvigas.com\/wp-content\/uploads\/2021\/05\/jvigas_so.jpg","type":"image\/jpeg"}],"author":"jvigas","twitter_card":"summary_large_image","twitter_misc":{"Scritto da":"jvigas","Tempo di lettura stimato":"6 minuti"},"schema":{"@context":"https:\/\/schema.org","@graph":[{"@type":"WebPage","@id":"https:\/\/www.jvigas.com\/it\/impronta-carbonio\/","url":"https:\/\/www.jvigas.com\/it\/impronta-carbonio\/","name":"Qual \u00e8 l'impronta di carbonio? - J\u00b7Vigas","isPartOf":{"@id":"https:\/\/www.jvigas.com\/#website"},"primaryImageOfPage":{"@id":"https:\/\/www.jvigas.com\/it\/impronta-carbonio\/#primaryimage"},"image":{"@id":"https:\/\/www.jvigas.com\/it\/impronta-carbonio\/#primaryimage"},"thumbnailUrl":"https:\/\/www.jvigas.com\/wp-content\/uploads\/2021\/05\/jvigas_so.jpg","datePublished":"2021-06-17T17:22:59+00:00","dateModified":"2024-09-24T10:31:13+00:00","author":{"@id":"https:\/\/www.jvigas.com\/#\/schema\/person\/6000b0f06a431d233894abea60efa5d0"},"breadcrumb":{"@id":"https:\/\/www.jvigas.com\/it\/impronta-carbonio\/#breadcrumb"},"inLanguage":"it-IT","potentialAction":[{"@type":"ReadAction","target":["https:\/\/www.jvigas.com\/it\/impronta-carbonio\/"]}]},{"@type":"ImageObject","inLanguage":"it-IT","@id":"https:\/\/www.jvigas.com\/it\/impronta-carbonio\/#primaryimage","url":"https:\/\/www.jvigas.com\/wp-content\/uploads\/2021\/05\/jvigas_so.jpg","contentUrl":"https:\/\/www.jvigas.com\/wp-content\/uploads\/2021\/05\/jvigas_so.jpg","width":1472,"height":1475},{"@type":"BreadcrumbList","@id":"https:\/\/www.jvigas.com\/it\/impronta-carbonio\/#breadcrumb","itemListElement":[{"@type":"ListItem","position":1,"name":"Home","item":"https:\/\/www.jvigas.com\/it\/"},{"@type":"ListItem","position":2,"name":"Qual \u00e8 l&#8217;impronta di carbonio?"}]},{"@type":"WebSite","@id":"https:\/\/www.jvigas.com\/#website","url":"https:\/\/www.jvigas.com\/","name":"J\u00b7Vigas","description":"Naturaleza \u00b7 Artesan\u00eda \u00b7 Ciencia - Tapones de corcho desde 1887","potentialAction":[{"@type":"SearchAction","target":{"@type":"EntryPoint","urlTemplate":"https:\/\/www.jvigas.com\/?s={search_term_string}"},"query-input":{"@type":"PropertyValueSpecification","valueRequired":true,"valueName":"search_term_string"}}],"inLanguage":"it-IT"},{"@type":"Person","@id":"https:\/\/www.jvigas.com\/#\/schema\/person\/6000b0f06a431d233894abea60efa5d0","name":"jvigas","url":"https:\/\/www.jvigas.com\/it\/author\/jvigas\/"}]}},"_links":{"self":[{"href":"https:\/\/www.jvigas.com\/it\/wp-json\/wp\/v2\/posts\/3482","targetHints":{"allow":["GET"]}}],"collection":[{"href":"https:\/\/www.jvigas.com\/it\/wp-json\/wp\/v2\/posts"}],"about":[{"href":"https:\/\/www.jvigas.com\/it\/wp-json\/wp\/v2\/types\/post"}],"author":[{"embeddable":true,"href":"https:\/\/www.jvigas.com\/it\/wp-json\/wp\/v2\/users\/2"}],"replies":[{"embeddable":true,"href":"https:\/\/www.jvigas.com\/it\/wp-json\/wp\/v2\/comments?post=3482"}],"version-history":[{"count":12,"href":"https:\/\/www.jvigas.com\/it\/wp-json\/wp\/v2\/posts\/3482\/revisions"}],"predecessor-version":[{"id":6995,"href":"https:\/\/www.jvigas.com\/it\/wp-json\/wp\/v2\/posts\/3482\/revisions\/6995"}],"wp:featuredmedia":[{"embeddable":true,"href":"https:\/\/www.jvigas.com\/it\/wp-json\/wp\/v2\/media\/3580"}],"wp:attachment":[{"href":"https:\/\/www.jvigas.com\/it\/wp-json\/wp\/v2\/media?parent=3482"}],"wp:term":[{"taxonomy":"category","embeddable":true,"href":"https:\/\/www.jvigas.com\/it\/wp-json\/wp\/v2\/categories?post=3482"},{"taxonomy":"post_tag","embeddable":true,"href":"https:\/\/www.jvigas.com\/it\/wp-json\/wp\/v2\/tags?post=3482"}],"curies":[{"name":"wp","href":"https:\/\/api.w.org\/{rel}","templated":true}]}}