{"id":7528,"date":"2023-12-01T13:27:48","date_gmt":"2023-12-01T11:27:48","guid":{"rendered":"https:\/\/www.jvigas.com\/reconeixement-a-empresa-socialment-responsable\/"},"modified":"2024-09-24T12:25:56","modified_gmt":"2024-09-24T10:25:56","slug":"reconeixement-a-empresa-socialment-responsable","status":"publish","type":"post","link":"https:\/\/www.jvigas.com\/ca\/reconeixement-a-empresa-socialment-responsable\/","title":{"rendered":"Reconeixement a empresa socialment responsable"},"content":{"rendered":"<p>[et_pb_section fb_built=&#8221;1&#8243; _builder_version=&#8221;4.16&#8243; _module_preset=&#8221;default&#8221; global_colors_info=&#8221;{}&#8221;][et_pb_row column_structure=&#8221;1_2,1_2&#8243; _builder_version=&#8221;4.20.2&#8243; _module_preset=&#8221;default&#8221; global_colors_info=&#8221;{}&#8221;][et_pb_column type=&#8221;1_2&#8243; _builder_version=&#8221;4.20.2&#8243; _module_preset=&#8221;default&#8221; global_colors_info=&#8221;{}&#8221;][et_pb_image src=&#8221;https:\/\/www.jvigas.com\/wp-content\/uploads\/2023\/11\/Empresa-socialment-responsable.jpg&#8221; title_text=&#8221;Empresa socialment responsable&#8221; _builder_version=&#8221;4.21.0&#8243; _module_preset=&#8221;default&#8221; hover_enabled=&#8221;0&#8243; global_colors_info=&#8221;{}&#8221; sticky_enabled=&#8221;0&#8243;][\/et_pb_image][\/et_pb_column][et_pb_column type=&#8221;1_2&#8243; _builder_version=&#8221;4.20.2&#8243; _module_preset=&#8221;default&#8221; global_colors_info=&#8221;{}&#8221;][et_pb_text _builder_version=&#8221;4.20.2&#8243; _module_preset=&#8221;default&#8221; custom_padding=&#8221;88px|||||&#8221; global_colors_info=&#8221;{}&#8221;]<\/p>\n<p class=\"entry-title\" style=\"text-align: center;\"><strong>RECONEIXEMENT<\/strong><\/p>\n<h1 data-redactor-style-cache=\"text-align: center;\">Empresa socialment responsable<\/h1>\n<h3 style=\"text-align: center;\"><\/h3>\n<p style=\"text-align: center;\">Aquest reconeixement \u00e9s un honor per a la nostra empresa i una motivaci\u00f3 per continuar avan\u00e7ant en ser una bona empresa per a la societat<\/p>\n<h5 style=\"text-align: center;\"><\/h5>\n<h5 style=\"text-align: center;\">Novembre 2023<\/h5>\n<p>[\/et_pb_text][\/et_pb_column][\/et_pb_row][et_pb_row _builder_version=&#8221;4.21.0&#8243; _module_preset=&#8221;default&#8221; custom_padding=&#8221;0px|||||&#8221; global_colors_info=&#8221;{}&#8221;][et_pb_column type=&#8221;4_4&#8243; _builder_version=&#8221;4.16&#8243; _module_preset=&#8221;default&#8221; global_colors_info=&#8221;{}&#8221;][et_pb_text _builder_version=&#8221;4.21.0&#8243; _module_preset=&#8221;default&#8221; header_2_font=&#8221;|||||on|||&#8221; header_3_font_size=&#8221;16px&#8221; hover_enabled=&#8221;0&#8243; global_colors_info=&#8221;{}&#8221; sticky_enabled=&#8221;0&#8243;]<\/p>\n<h3 data-fontsize=\"22\" data-lineheight=\"42.02px\" class=\"fusion-responsive-typography-calculated\"><span style=\"font-size: 14px; color: #000000; font-family: Montserrat, Helvetica, Arial, Lucida, sans-serif; font-weight: 500;\"> <\/span><\/h3>\n<div class=\"txt_despues_img_informacion v_norm\">\n<div class=\"page\" title=\"Page 2\">\n<div class=\"section\">\n<div class=\"layoutArea\">\n<div class=\"column\">\n<p>El Consell Comarcal del Baix Empord\u00e0, conjuntament amb tots els ajuntaments de la comarca i amb el suport del Departament d\u00b4Empresa i Treball i el Departament d\u00b4Igualtat i Feminismes de la Generalitat de Catalunya, han fet un homenatge a aquelles empreses que han destacat pel seu comportament responsable, la seva contribuci\u00f3 al desenvolupament socioecon\u00f2mic del territori i la tasca desenvolupada per la integraci\u00f3 i la promoci\u00f3 laboral, durant els mesos de gener a octubre del 2023.<\/p>\n<p>Per J\u00b7Vigas \u00e9s un honor aquest reconeixement del nostre comprom\u00eds envers la societat, especialment envers els nostres treballadors, ja que creiem que la sostenibilitat, que \u00e9s un dels nostres valors transversals, s&#8217;ha de traduir en un respecte cap a les persones, igual que cap a la natura.<\/p>\n<p>El respecte i la cura de la societat i el medi ambient han d&#8217;anar plegats i avan\u00e7ar de manera conjunta, per a nosaltres no t\u00e9 sentit l&#8217;aven\u00e7 d&#8217;una sense l&#8217;altra.<\/p>\n<p>&nbsp;<\/p>\n<\/div>\n<\/div>\n<\/div>\n<\/div>\n<\/div>\n<p>&nbsp;<\/p>\n<p>[\/et_pb_text][\/et_pb_column][\/et_pb_row][\/et_pb_section][et_pb_section fb_built=&#8221;1&#8243; _builder_version=&#8221;4.16&#8243; background_color=&#8221;#004f59&#8243; positioning=&#8221;none&#8221; position_origin_a=&#8221;center_center&#8221; min_height=&#8221;20px&#8221; custom_padding=&#8221;0px||0px|||&#8221; global_colors_info=&#8221;{}&#8221;][et_pb_row column_structure=&#8221;3_4,1_4&#8243; _builder_version=&#8221;4.16&#8243; custom_padding=&#8221;17px||0px|||&#8221; global_colors_info=&#8221;{}&#8221;][et_pb_column type=&#8221;3_4&#8243; _builder_version=&#8221;4.16&#8243; global_colors_info=&#8221;{}&#8221;][et_pb_text _builder_version=&#8221;4.16&#8243; text_text_color=&#8221;#ffffff&#8221; link_text_color=&#8221;#ffffff&#8221; min_height=&#8221;18px&#8221; global_colors_info=&#8221;{}&#8221;]<span>J.VIGAS S.A \u00b7 C\/ Clav\u00e9 49-53 \u00b7 17200 Palafrugell, Girona \u00b7 T: +34 972 300 737 \u00b7 jvigas@jvigas.com<\/span><br \/>\n<span style=\"color: #ffffff;\"><a href=\"https:\/\/www.jvigas.com\/politica-de-privacidad\/\" style=\"color: #ffffff;\">Pol\u00edtica de privacidad<\/a> | <a href=\"https:\/\/www.jvigas.com\/politica-de-cookies\/\" style=\"color: #ffffff;\">Pol\u00edtica de Cookies<\/a> | <a href=\"https:\/\/www.jvigas.com\/aviso-legal\/\" style=\"color: #ffffff;\">Aviso legal<\/a> | <a href=\"https:\/\/www.jvigas.com\/creditos\/\" style=\"color: #ffffff;\">Cr\u00e9ditos<\/a><\/span>[\/et_pb_text][\/et_pb_column][et_pb_column type=&#8221;1_4&#8243; _builder_version=&#8221;4.16&#8243; global_colors_info=&#8221;{}&#8221;][et_pb_social_media_follow _builder_version=&#8221;4.16&#8243; text_orientation=&#8221;center&#8221; global_colors_info=&#8221;{}&#8221;][et_pb_social_media_follow_network social_network=&#8221;instagram&#8221; url=&#8221;https:\/\/www.instagram.com\/jvigas1887\/&#8221; _builder_version=&#8221;4.16&#8243; background_color=&#8221;rgba(0,0,0,0)&#8221; background_enable_color=&#8221;on&#8221; custom_button=&#8221;on&#8221; global_colors_info=&#8221;{}&#8221; follow_button=&#8221;off&#8221; url_new_window=&#8221;on&#8221;]instagram[\/et_pb_social_media_follow_network][et_pb_social_media_follow_network social_network=&#8221;facebook&#8221; url=&#8221;https:\/\/www.facebook.com\/JVigas1887&#8243; _builder_version=&#8221;4.16&#8243; background_color=&#8221;rgba(0,0,0,0)&#8221; background_enable_color=&#8221;on&#8221; global_colors_info=&#8221;{}&#8221; follow_button=&#8221;off&#8221; url_new_window=&#8221;on&#8221;]facebook[\/et_pb_social_media_follow_network][et_pb_social_media_follow_network social_network=&#8221;twitter&#8221; url=&#8221;https:\/\/twitter.com\/JVigas1887&#8243; _builder_version=&#8221;4.16&#8243; background_color=&#8221;rgba(0,0,0,0)&#8221; background_enable_color=&#8221;on&#8221; global_colors_info=&#8221;{}&#8221; follow_button=&#8221;off&#8221; url_new_window=&#8221;on&#8221;]twitter[\/et_pb_social_media_follow_network][et_pb_social_media_follow_network social_network=&#8221;linkedin&#8221; url=&#8221;https:\/\/www.linkedin.com\/company\/jvigassa\/&#8221; _builder_version=&#8221;4.16&#8243; background_color=&#8221;rgba(0,0,0,0)&#8221; background_enable_color=&#8221;on&#8221; global_colors_info=&#8221;{}&#8221; follow_button=&#8221;off&#8221; url_new_window=&#8221;on&#8221;]linkedin[\/et_pb_social_media_follow_network][\/et_pb_social_media_follow][\/et_pb_column][\/et_pb_row][\/et_pb_section]<\/p>\n","protected":false},"excerpt":{"rendered":"<p>Aquest reconeixement \u00e9s un honor per a la nostra empresa i una motivaci\u00f3 per continuar avan\u00e7ant en ser una bona empresa per a la societat<\/p>\n","protected":false},"author":2,"featured_media":7512,"comment_status":"closed","ping_status":"closed","sticky":false,"template":"","format":"aside","meta":{"_et_pb_use_builder":"on","_et_pb_old_content":"","_et_gb_content_width":"","footnotes":""},"categories":[46,60],"tags":[],"class_list":["post-7528","post","type-post","status-publish","format-aside","has-post-thumbnail","hentry","category-jvigas-ca","category-innovacio","post_format-post-format-aside"],"yoast_head":"<!-- This site is optimized with the Yoast SEO plugin v26.3 - https:\/\/yoast.com\/wordpress\/plugins\/seo\/ -->\n<title>Reconeixement a empresa socialment responsable - J\u00b7Vigas<\/title>\n<meta name=\"description\" content=\"Aquest reconeixement \u00e9s un honor per a la nostra empresa i una motivaci\u00f3 per continuar avan\u00e7ant en ser una bona empresa per a la societat\" \/>\n<meta name=\"robots\" content=\"index, follow, max-snippet:-1, max-image-preview:large, max-video-preview:-1\" \/>\n<link rel=\"canonical\" href=\"https:\/\/www.jvigas.com\/ca\/reconeixement-a-empresa-socialment-responsable\/\" \/>\n<meta property=\"og:locale\" content=\"ca_ES\" \/>\n<meta property=\"og:type\" content=\"article\" \/>\n<meta property=\"og:title\" content=\"Reconeixement a empresa socialment responsable - J\u00b7Vigas\" \/>\n<meta property=\"og:description\" content=\"Aquest reconeixement \u00e9s un honor per a la nostra empresa i una motivaci\u00f3 per continuar avan\u00e7ant en ser una bona empresa per a la societat\" \/>\n<meta property=\"og:url\" content=\"https:\/\/www.jvigas.com\/ca\/reconeixement-a-empresa-socialment-responsable\/\" \/>\n<meta property=\"og:site_name\" content=\"J\u00b7Vigas\" \/>\n<meta property=\"article:published_time\" content=\"2023-12-01T11:27:48+00:00\" \/>\n<meta property=\"article:modified_time\" content=\"2024-09-24T10:25:56+00:00\" \/>\n<meta property=\"og:image\" content=\"https:\/\/www.jvigas.com\/wp-content\/uploads\/2023\/11\/Empresa-socialment-responsable.jpg\" \/>\n\t<meta property=\"og:image:width\" content=\"1024\" \/>\n\t<meta property=\"og:image:height\" content=\"635\" \/>\n\t<meta property=\"og:image:type\" content=\"image\/jpeg\" \/>\n<meta name=\"author\" content=\"jvigas\" \/>\n<meta name=\"twitter:card\" content=\"summary_large_image\" \/>\n<meta name=\"twitter:label1\" content=\"Escrit per\" \/>\n\t<meta name=\"twitter:data1\" content=\"jvigas\" \/>\n\t<meta name=\"twitter:label2\" content=\"Temps estimat de lectura\" \/>\n\t<meta name=\"twitter:data2\" content=\"3 minuts\" \/>\n<script type=\"application\/ld+json\" class=\"yoast-schema-graph\">{\"@context\":\"https:\/\/schema.org\",\"@graph\":[{\"@type\":\"WebPage\",\"@id\":\"https:\/\/www.jvigas.com\/ca\/reconeixement-a-empresa-socialment-responsable\/\",\"url\":\"https:\/\/www.jvigas.com\/ca\/reconeixement-a-empresa-socialment-responsable\/\",\"name\":\"Reconeixement a empresa socialment responsable - J\u00b7Vigas\",\"isPartOf\":{\"@id\":\"https:\/\/www.jvigas.com\/#website\"},\"primaryImageOfPage\":{\"@id\":\"https:\/\/www.jvigas.com\/ca\/reconeixement-a-empresa-socialment-responsable\/#primaryimage\"},\"image\":{\"@id\":\"https:\/\/www.jvigas.com\/ca\/reconeixement-a-empresa-socialment-responsable\/#primaryimage\"},\"thumbnailUrl\":\"https:\/\/www.jvigas.com\/wp-content\/uploads\/2023\/11\/Empresa-socialment-responsable.jpg\",\"datePublished\":\"2023-12-01T11:27:48+00:00\",\"dateModified\":\"2024-09-24T10:25:56+00:00\",\"author\":{\"@id\":\"https:\/\/www.jvigas.com\/#\/schema\/person\/6000b0f06a431d233894abea60efa5d0\"},\"description\":\"Aquest reconeixement \u00e9s un honor per a la nostra empresa i una motivaci\u00f3 per continuar avan\u00e7ant en ser una bona empresa per a la societat\",\"breadcrumb\":{\"@id\":\"https:\/\/www.jvigas.com\/ca\/reconeixement-a-empresa-socialment-responsable\/#breadcrumb\"},\"inLanguage\":\"ca\",\"potentialAction\":[{\"@type\":\"ReadAction\",\"target\":[\"https:\/\/www.jvigas.com\/ca\/reconeixement-a-empresa-socialment-responsable\/\"]}]},{\"@type\":\"ImageObject\",\"inLanguage\":\"ca\",\"@id\":\"https:\/\/www.jvigas.com\/ca\/reconeixement-a-empresa-socialment-responsable\/#primaryimage\",\"url\":\"https:\/\/www.jvigas.com\/wp-content\/uploads\/2023\/11\/Empresa-socialment-responsable.jpg\",\"contentUrl\":\"https:\/\/www.jvigas.com\/wp-content\/uploads\/2023\/11\/Empresa-socialment-responsable.jpg\",\"width\":1024,\"height\":635},{\"@type\":\"BreadcrumbList\",\"@id\":\"https:\/\/www.jvigas.com\/ca\/reconeixement-a-empresa-socialment-responsable\/#breadcrumb\",\"itemListElement\":[{\"@type\":\"ListItem\",\"position\":1,\"name\":\"Home\",\"item\":\"https:\/\/www.jvigas.com\/ca\/\"},{\"@type\":\"ListItem\",\"position\":2,\"name\":\"Reconeixement a empresa socialment responsable\"}]},{\"@type\":\"WebSite\",\"@id\":\"https:\/\/www.jvigas.com\/#website\",\"url\":\"https:\/\/www.jvigas.com\/\",\"name\":\"J\u00b7Vigas\",\"description\":\"Naturaleza \u00b7 Artesan\u00eda \u00b7 Ciencia - Tapones de corcho desde 1887\",\"potentialAction\":[{\"@type\":\"SearchAction\",\"target\":{\"@type\":\"EntryPoint\",\"urlTemplate\":\"https:\/\/www.jvigas.com\/?s={search_term_string}\"},\"query-input\":{\"@type\":\"PropertyValueSpecification\",\"valueRequired\":true,\"valueName\":\"search_term_string\"}}],\"inLanguage\":\"ca\"},{\"@type\":\"Person\",\"@id\":\"https:\/\/www.jvigas.com\/#\/schema\/person\/6000b0f06a431d233894abea60efa5d0\",\"name\":\"jvigas\",\"url\":\"https:\/\/www.jvigas.com\/ca\/author\/jvigas\/\"}]}<\/script>\n<!-- \/ Yoast SEO plugin. -->","yoast_head_json":{"title":"Reconeixement a empresa socialment responsable - J\u00b7Vigas","description":"Aquest reconeixement \u00e9s un honor per a la nostra empresa i una motivaci\u00f3 per continuar avan\u00e7ant en ser una bona empresa per a la societat","robots":{"index":"index","follow":"follow","max-snippet":"max-snippet:-1","max-image-preview":"max-image-preview:large","max-video-preview":"max-video-preview:-1"},"canonical":"https:\/\/www.jvigas.com\/ca\/reconeixement-a-empresa-socialment-responsable\/","og_locale":"ca_ES","og_type":"article","og_title":"Reconeixement a empresa socialment responsable - J\u00b7Vigas","og_description":"Aquest reconeixement \u00e9s un honor per a la nostra empresa i una motivaci\u00f3 per continuar avan\u00e7ant en ser una bona empresa per a la societat","og_url":"https:\/\/www.jvigas.com\/ca\/reconeixement-a-empresa-socialment-responsable\/","og_site_name":"J\u00b7Vigas","article_published_time":"2023-12-01T11:27:48+00:00","article_modified_time":"2024-09-24T10:25:56+00:00","og_image":[{"width":1024,"height":635,"url":"https:\/\/www.jvigas.com\/wp-content\/uploads\/2023\/11\/Empresa-socialment-responsable.jpg","type":"image\/jpeg"}],"author":"jvigas","twitter_card":"summary_large_image","twitter_misc":{"Escrit per":"jvigas","Temps estimat de lectura":"3 minuts"},"schema":{"@context":"https:\/\/schema.org","@graph":[{"@type":"WebPage","@id":"https:\/\/www.jvigas.com\/ca\/reconeixement-a-empresa-socialment-responsable\/","url":"https:\/\/www.jvigas.com\/ca\/reconeixement-a-empresa-socialment-responsable\/","name":"Reconeixement a empresa socialment responsable - J\u00b7Vigas","isPartOf":{"@id":"https:\/\/www.jvigas.com\/#website"},"primaryImageOfPage":{"@id":"https:\/\/www.jvigas.com\/ca\/reconeixement-a-empresa-socialment-responsable\/#primaryimage"},"image":{"@id":"https:\/\/www.jvigas.com\/ca\/reconeixement-a-empresa-socialment-responsable\/#primaryimage"},"thumbnailUrl":"https:\/\/www.jvigas.com\/wp-content\/uploads\/2023\/11\/Empresa-socialment-responsable.jpg","datePublished":"2023-12-01T11:27:48+00:00","dateModified":"2024-09-24T10:25:56+00:00","author":{"@id":"https:\/\/www.jvigas.com\/#\/schema\/person\/6000b0f06a431d233894abea60efa5d0"},"description":"Aquest reconeixement \u00e9s un honor per a la nostra empresa i una motivaci\u00f3 per continuar avan\u00e7ant en ser una bona empresa per a la societat","breadcrumb":{"@id":"https:\/\/www.jvigas.com\/ca\/reconeixement-a-empresa-socialment-responsable\/#breadcrumb"},"inLanguage":"ca","potentialAction":[{"@type":"ReadAction","target":["https:\/\/www.jvigas.com\/ca\/reconeixement-a-empresa-socialment-responsable\/"]}]},{"@type":"ImageObject","inLanguage":"ca","@id":"https:\/\/www.jvigas.com\/ca\/reconeixement-a-empresa-socialment-responsable\/#primaryimage","url":"https:\/\/www.jvigas.com\/wp-content\/uploads\/2023\/11\/Empresa-socialment-responsable.jpg","contentUrl":"https:\/\/www.jvigas.com\/wp-content\/uploads\/2023\/11\/Empresa-socialment-responsable.jpg","width":1024,"height":635},{"@type":"BreadcrumbList","@id":"https:\/\/www.jvigas.com\/ca\/reconeixement-a-empresa-socialment-responsable\/#breadcrumb","itemListElement":[{"@type":"ListItem","position":1,"name":"Home","item":"https:\/\/www.jvigas.com\/ca\/"},{"@type":"ListItem","position":2,"name":"Reconeixement a empresa socialment responsable"}]},{"@type":"WebSite","@id":"https:\/\/www.jvigas.com\/#website","url":"https:\/\/www.jvigas.com\/","name":"J\u00b7Vigas","description":"Naturaleza \u00b7 Artesan\u00eda \u00b7 Ciencia - Tapones de corcho desde 1887","potentialAction":[{"@type":"SearchAction","target":{"@type":"EntryPoint","urlTemplate":"https:\/\/www.jvigas.com\/?s={search_term_string}"},"query-input":{"@type":"PropertyValueSpecification","valueRequired":true,"valueName":"search_term_string"}}],"inLanguage":"ca"},{"@type":"Person","@id":"https:\/\/www.jvigas.com\/#\/schema\/person\/6000b0f06a431d233894abea60efa5d0","name":"jvigas","url":"https:\/\/www.jvigas.com\/ca\/author\/jvigas\/"}]}},"_links":{"self":[{"href":"https:\/\/www.jvigas.com\/ca\/wp-json\/wp\/v2\/posts\/7528","targetHints":{"allow":["GET"]}}],"collection":[{"href":"https:\/\/www.jvigas.com\/ca\/wp-json\/wp\/v2\/posts"}],"about":[{"href":"https:\/\/www.jvigas.com\/ca\/wp-json\/wp\/v2\/types\/post"}],"author":[{"embeddable":true,"href":"https:\/\/www.jvigas.com\/ca\/wp-json\/wp\/v2\/users\/2"}],"replies":[{"embeddable":true,"href":"https:\/\/www.jvigas.com\/ca\/wp-json\/wp\/v2\/comments?post=7528"}],"version-history":[{"count":2,"href":"https:\/\/www.jvigas.com\/ca\/wp-json\/wp\/v2\/posts\/7528\/revisions"}],"predecessor-version":[{"id":7530,"href":"https:\/\/www.jvigas.com\/ca\/wp-json\/wp\/v2\/posts\/7528\/revisions\/7530"}],"wp:featuredmedia":[{"embeddable":true,"href":"https:\/\/www.jvigas.com\/ca\/wp-json\/wp\/v2\/media\/7512"}],"wp:attachment":[{"href":"https:\/\/www.jvigas.com\/ca\/wp-json\/wp\/v2\/media?parent=7528"}],"wp:term":[{"taxonomy":"category","embeddable":true,"href":"https:\/\/www.jvigas.com\/ca\/wp-json\/wp\/v2\/categories?post=7528"},{"taxonomy":"post_tag","embeddable":true,"href":"https:\/\/www.jvigas.com\/ca\/wp-json\/wp\/v2\/tags?post=7528"}],"curies":[{"name":"wp","href":"https:\/\/api.w.org\/{rel}","templated":true}]}}