{"id":7107,"date":"2023-03-07T11:42:57","date_gmt":"2023-03-07T09:42:57","guid":{"rendered":"https:\/\/www.jvigas.com\/participem-a-la-fira-enomaq-2023\/"},"modified":"2023-07-26T12:06:58","modified_gmt":"2023-07-26T10:06:58","slug":"participem-a-la-fira-enomaq-2023","status":"publish","type":"post","link":"https:\/\/www.jvigas.com\/ca\/participem-a-la-fira-enomaq-2023\/","title":{"rendered":"Participem a la fira Enomaq 2023"},"content":{"rendered":"<p>[et_pb_section fb_built=&#8221;1&#8243; _builder_version=&#8221;4.18.1&#8243; background_color=&#8221;#242222&#8243; custom_padding=&#8221;||50px|||&#8221; global_colors_info=&#8221;{}&#8221;][et_pb_row _builder_version=&#8221;4.18.1&#8243; global_colors_info=&#8221;{}&#8221;][et_pb_column type=&#8221;4_4&#8243; _builder_version=&#8221;4.16&#8243; global_colors_info=&#8221;{}&#8221;][et_pb_image src=&#8221;https:\/\/www.jvigas.com\/wp-content\/uploads\/2023\/02\/RESPIRO-WEB.png&#8221; title_text=&#8221;RESPIRO WEB&#8221; align=&#8221;center&#8221; _builder_version=&#8221;4.18.1&#8243; _module_preset=&#8221;default&#8221; global_colors_info=&#8221;{}&#8221;][\/et_pb_image][\/et_pb_column][\/et_pb_row][et_pb_row column_structure=&#8221;1_2,1_2&#8243; _builder_version=&#8221;4.18.1&#8243; _module_preset=&#8221;default&#8221; custom_padding=&#8221;29px|||||&#8221; animation_style=&#8221;fade&#8221; global_colors_info=&#8221;{}&#8221;][et_pb_column type=&#8221;1_2&#8243; _builder_version=&#8221;4.18.1&#8243; _module_preset=&#8221;default&#8221; global_colors_info=&#8221;{}&#8221;][et_pb_text disabled_on=&#8221;off|off|off&#8221; _builder_version=&#8221;4.21.0&#8243; text_text_color=&#8221;#FFFFFF&#8221; text_font_size=&#8221;16px&#8221; link_font=&#8221;||||on|||#FFFFFF|&#8221; link_text_color=&#8221;#FFFFFF&#8221; header_font=&#8221;Advent Pro|||||on|||&#8221; header_text_color=&#8221;#1d515d&#8221; header_font_size=&#8221;50px&#8221; header_2_font=&#8221;|||on|||||&#8221; global_colors_info=&#8221;{}&#8221;]<\/p>\n<p>Escolta ara la m\u00fasica de Respiro<br \/>(Si no tens Spotify, pots accedir des de <a href=\"https:\/\/youtu.be\/o1nRNwfC4Yw\">Youtube<\/a>)<\/p>\n<p>[\/et_pb_text][\/et_pb_column][et_pb_column type=&#8221;1_2&#8243; _builder_version=&#8221;4.18.1&#8243; _module_preset=&#8221;default&#8221; global_colors_info=&#8221;{}&#8221;][et_pb_image src=&#8221;https:\/\/www.jvigas.com\/wp-content\/uploads\/2023\/02\/Captura-de-Pantalla-2023-02-10-a-las-18.54.59.png&#8221; title_text=&#8221;Captura de Pantalla 2023-02-10 a las 18.54.59&#8243; url=&#8221;https:\/\/open.spotify.com\/playlist\/4nJsrnUGuVykqme6EjAKrr?si=8f4fb0910fdb48df&#8221; url_new_window=&#8221;on&#8221; align=&#8221;center&#8221; disabled_on=&#8221;on|off|off&#8221; _builder_version=&#8221;4.18.1&#8243; _module_preset=&#8221;default&#8221; global_colors_info=&#8221;{}&#8221;][\/et_pb_image][\/et_pb_column][\/et_pb_row][et_pb_row _builder_version=&#8221;4.18.1&#8243; animation_style=&#8221;fade&#8221; global_colors_info=&#8221;{}&#8221;][et_pb_column type=&#8221;4_4&#8243; _builder_version=&#8221;4.16&#8243; global_colors_info=&#8221;{}&#8221;][et_pb_image src=&#8221;https:\/\/www.jvigas.com\/wp-content\/uploads\/2023\/02\/Captura-de-Pantalla-2023-02-10-a-las-18.56.14.png&#8221; title_text=&#8221;Captura de Pantalla 2023-02-10 a las 18.56.14&#8243; url=&#8221;https:\/\/open.spotify.com\/playlist\/4nJsrnUGuVykqme6EjAKrr?si=8f4fb0910fdb48df&#8221; url_new_window=&#8221;on&#8221; align=&#8221;center&#8221; disabled_on=&#8221;off|on|on&#8221; _builder_version=&#8221;4.18.1&#8243; _module_preset=&#8221;default&#8221; global_colors_info=&#8221;{}&#8221;][\/et_pb_image][\/et_pb_column][\/et_pb_row][\/et_pb_section][et_pb_section fb_built=&#8221;1&#8243; _builder_version=&#8221;4.18.1&#8243; background_color=&#8221;#242222&#8243; custom_padding=&#8221;39px||50px|||&#8221; global_colors_info=&#8221;{}&#8221;][et_pb_row _builder_version=&#8221;4.16&#8243; global_colors_info=&#8221;{}&#8221;][et_pb_column type=&#8221;4_4&#8243; _builder_version=&#8221;4.16&#8243; global_colors_info=&#8221;{}&#8221;][et_pb_text disabled_on=&#8221;off|off|off&#8221; _builder_version=&#8221;4.21.0&#8243; text_text_color=&#8221;#FFFFFF&#8221; text_font_size=&#8221;16px&#8221; header_font=&#8221;Advent Pro|||||on|||&#8221; header_text_color=&#8221;#1d515d&#8221; header_font_size=&#8221;50px&#8221; header_2_font=&#8221;|||on|||||&#8221; global_colors_info=&#8221;{}&#8221;]<\/p>\n<p>Combinant fotografia, lletra i collage, Caroline Faiola ens ofereix una interpretaci\u00f3 molt \u00edntima del bosc convidant-nos a fer un cam\u00ed introspectiu.<\/p>\n<p>Una relaci\u00f3 entre la natura i l&#8217;home, el passat i el present, el cel i la terra.<\/p>\n<p>La manera en la qual el bosc ens pot transmetre una mica de la seva energia i esdevenir un suport necessari per superar ferides: un refugi, una porta que no tanca sin\u00f3 que, potser, allibera.<\/p>\n<p>[\/et_pb_text][et_pb_image src=&#8221;https:\/\/www.jvigas.com\/wp-content\/uploads\/2023\/03\/IMG_7873__-1-scaled.jpg&#8221; title_text=&#8221;IMG_7873__&#8221; _builder_version=&#8221;4.18.1&#8243; _module_preset=&#8221;default&#8221; animation_style=&#8221;fade&#8221; global_colors_info=&#8221;{}&#8221;][\/et_pb_image][\/et_pb_column][\/et_pb_row][\/et_pb_section][et_pb_section fb_built=&#8221;1&#8243; _builder_version=&#8221;4.18.1&#8243; _module_preset=&#8221;default&#8221; background_image=&#8221;https:\/\/www.jvigas.com\/wp-content\/uploads\/2023\/03\/000000930012.jpeg&#8221; global_colors_info=&#8221;{}&#8221;][et_pb_row column_structure=&#8221;1_2,1_2&#8243; _builder_version=&#8221;4.18.1&#8243; _module_preset=&#8221;default&#8221; global_colors_info=&#8221;{}&#8221;][et_pb_column type=&#8221;1_2&#8243; _builder_version=&#8221;4.18.1&#8243; _module_preset=&#8221;default&#8221; global_colors_info=&#8221;{}&#8221;][et_pb_image src=&#8221;https:\/\/www.jvigas.com\/wp-content\/uploads\/2023\/03\/FSD.jpg&#8221; title_text=&#8221;FSD&#8221; _builder_version=&#8221;4.18.1&#8243; _module_preset=&#8221;default&#8221; width=&#8221;74%&#8221; animation_style=&#8221;fade&#8221; global_colors_info=&#8221;{}&#8221;][\/et_pb_image][\/et_pb_column][et_pb_column type=&#8221;1_2&#8243; _builder_version=&#8221;4.18.1&#8243; _module_preset=&#8221;default&#8221; global_colors_info=&#8221;{}&#8221;][et_pb_image src=&#8221;https:\/\/www.jvigas.com\/wp-content\/uploads\/2023\/03\/SAD.png&#8221; title_text=&#8221;SAD&#8221; _builder_version=&#8221;4.18.1&#8243; _module_preset=&#8221;default&#8221; custom_padding=&#8221;80px|||||&#8221; animation_style=&#8221;fade&#8221; global_colors_info=&#8221;{}&#8221;][\/et_pb_image][\/et_pb_column][\/et_pb_row][\/et_pb_section][et_pb_section fb_built=&#8221;1&#8243; _builder_version=&#8221;4.18.1&#8243; _module_preset=&#8221;default&#8221; background_color=&#8221;#242222&#8243; global_colors_info=&#8221;{}&#8221;][et_pb_row column_structure=&#8221;1_2,1_2&#8243; _builder_version=&#8221;4.18.1&#8243; _module_preset=&#8221;default&#8221; global_colors_info=&#8221;{}&#8221;][et_pb_column type=&#8221;1_2&#8243; _builder_version=&#8221;4.18.1&#8243; _module_preset=&#8221;default&#8221; global_colors_info=&#8221;{}&#8221;][et_pb_image src=&#8221;https:\/\/www.jvigas.com\/wp-content\/uploads\/2023\/02\/Sin-titulo-3.jpg&#8221; title_text=&#8221;Sin t\u00edtulo-3&#8243; _builder_version=&#8221;4.18.1&#8243; _module_preset=&#8221;default&#8221; animation_style=&#8221;fade&#8221; global_colors_info=&#8221;{}&#8221;][\/et_pb_image][\/et_pb_column][et_pb_column type=&#8221;1_2&#8243; _builder_version=&#8221;4.18.1&#8243; _module_preset=&#8221;default&#8221; global_colors_info=&#8221;{}&#8221;][et_pb_text _builder_version=&#8221;4.21.0&#8243; _module_preset=&#8221;default&#8221; text_text_color=&#8221;#FFFFFF&#8221; custom_margin=&#8221;|||-1px||&#8221; hover_enabled=&#8221;0&#8243; global_colors_info=&#8221;{}&#8221; sticky_enabled=&#8221;0&#8243;]<\/p>\n<p><strong>Caroline Faiola<\/strong><span>\u00a0\u00e9s una artista el treball de la qual combina realitat i il\u00b7lusi\u00f3, mat\u00e8ria i paraules, dolor i poesia. La seva obra s\u2019alimenta de les cerques interiors i les conquestes en altres llocs. Els seus pelegrinatges s\u00f3n el teatre de les seves imatges, imatges que s\u00f3n el ress\u00f2 del seu univers.<\/span><br \/><span>La seva obra \u00e9s plural, la imatge \u00e9s al centre de la seva obra per\u00f2, moltes vegades, la imatge es descompon per recompondre\u2019s, com en els seus teixits, el resultat conflictiu dels quals sembla esquiu; la imatge s\u2019altera per perfeccionar-se (Superposici\u00f3), es deforma per transformar-se, com als Quaderns, on la tinta es barreja amb la fotografia, el collage amb l\u2019escriptura i els records amb el present.<\/span><br \/><span>Faiola desf\u00e0 per fer, desconstrueix per crear, desvia per inventar. La seva obra explora el camp del que \u00e9s impossible, juga amb la mirada de l\u2019espectador, l\u2019interpel\u00b7la, el transporta a un univers entre la realitat i el somni, el convida a desaprendre per comprendre millor.<br \/><\/span><br \/><span>Nascuda a Par\u00eds el 1985, Caroline Faiola actualment viu i treballa a Catalunya.<\/span><br \/><span>Formada en arts visuals, disseny de moda i fotografia, es va iniciar com a fot\u00f2grafa, privilegiant el treball cinematogr\u00e0fic, especialment la superposici\u00f3. Durant els seus diversos viatges pel m\u00f3n, va produir diverses s\u00e8ries, en particular a Nova York, on es va instal\u00b7lar per un any el 2010.<\/span><br \/><span>La seva darrera s\u00e8rie de teixits li permet mantenir una relaci\u00f3 m\u00e9s \u00edntima amb el material: el paper es talla i es reelabora, la imatge es descompon per perfeccionar-se.<\/span><\/p>\n<p>[\/et_pb_text][\/et_pb_column][\/et_pb_row][\/et_pb_section][et_pb_section fb_built=&#8221;1&#8243; _builder_version=&#8221;4.18.1&#8243; _module_preset=&#8221;default&#8221; background_color=&#8221;#242222&#8243; background_enable_image=&#8221;off&#8221; global_colors_info=&#8221;{}&#8221;][et_pb_row _builder_version=&#8221;4.18.1&#8243; _module_preset=&#8221;default&#8221; global_colors_info=&#8221;{}&#8221;][et_pb_column type=&#8221;4_4&#8243; _builder_version=&#8221;4.18.1&#8243; _module_preset=&#8221;default&#8221; global_colors_info=&#8221;{}&#8221;][et_pb_image src=&#8221;https:\/\/www.jvigas.com\/wp-content\/uploads\/2023\/03\/IMG_7884__-scaled.jpg&#8221; title_text=&#8221;IMG_7884__&#8221; _builder_version=&#8221;4.18.1&#8243; _module_preset=&#8221;default&#8221; animation_style=&#8221;fade&#8221; global_colors_info=&#8221;{}&#8221;][\/et_pb_image][\/et_pb_column][\/et_pb_row][\/et_pb_section]<\/p>\n","protected":false},"excerpt":{"rendered":"<p>J\u00b7Vigas porta a Saragossa una exposici\u00f3 de fotos de Caroline Faiola<\/p>\n","protected":false},"author":2,"featured_media":5542,"comment_status":"closed","ping_status":"closed","sticky":false,"template":"","format":"standard","meta":{"_et_pb_use_builder":"on","_et_pb_old_content":"","_et_gb_content_width":"","footnotes":""},"categories":[46],"tags":[],"class_list":["post-7107","post","type-post","status-publish","format-standard","has-post-thumbnail","hentry","category-jvigas-ca"],"yoast_head":"<!-- This site is optimized with the Yoast SEO plugin v26.3 - https:\/\/yoast.com\/wordpress\/plugins\/seo\/ -->\n<title>Participem a la fira Enomaq 2023 - J\u00b7Vigas<\/title>\n<meta name=\"description\" content=\"J\u00b7Vigas participa a la fira Enomaq amb una exposici\u00f3 de fotos de l&#039;artista Caroline Faiola.\" \/>\n<meta name=\"robots\" content=\"index, follow, max-snippet:-1, max-image-preview:large, max-video-preview:-1\" \/>\n<link rel=\"canonical\" href=\"https:\/\/www.jvigas.com\/ca\/participem-a-la-fira-enomaq-2023\/\" \/>\n<meta property=\"og:locale\" content=\"ca_ES\" \/>\n<meta property=\"og:type\" content=\"article\" \/>\n<meta property=\"og:title\" content=\"Participem a la fira Enomaq 2023 - J\u00b7Vigas\" \/>\n<meta property=\"og:description\" content=\"J\u00b7Vigas participa a la fira Enomaq amb una exposici\u00f3 de fotos de l&#039;artista Caroline Faiola.\" \/>\n<meta property=\"og:url\" content=\"https:\/\/www.jvigas.com\/ca\/participem-a-la-fira-enomaq-2023\/\" \/>\n<meta property=\"og:site_name\" content=\"J\u00b7Vigas\" \/>\n<meta property=\"article:published_time\" content=\"2023-03-07T09:42:57+00:00\" \/>\n<meta property=\"article:modified_time\" content=\"2023-07-26T10:06:58+00:00\" \/>\n<meta property=\"og:image\" content=\"https:\/\/www.jvigas.com\/wp-content\/uploads\/2023\/03\/ENOMAQ_VIGASCORK.jpeg\" \/>\n\t<meta property=\"og:image:width\" content=\"429\" \/>\n\t<meta property=\"og:image:height\" content=\"640\" \/>\n\t<meta property=\"og:image:type\" content=\"image\/jpeg\" \/>\n<meta name=\"author\" content=\"jvigas\" \/>\n<meta name=\"twitter:card\" content=\"summary_large_image\" \/>\n<meta name=\"twitter:label1\" content=\"Escrit per\" \/>\n\t<meta name=\"twitter:data1\" content=\"jvigas\" \/>\n\t<meta name=\"twitter:label2\" content=\"Temps estimat de lectura\" \/>\n\t<meta name=\"twitter:data2\" content=\"3 minuts\" \/>\n<script type=\"application\/ld+json\" class=\"yoast-schema-graph\">{\"@context\":\"https:\/\/schema.org\",\"@graph\":[{\"@type\":\"WebPage\",\"@id\":\"https:\/\/www.jvigas.com\/ca\/participem-a-la-fira-enomaq-2023\/\",\"url\":\"https:\/\/www.jvigas.com\/ca\/participem-a-la-fira-enomaq-2023\/\",\"name\":\"Participem a la fira Enomaq 2023 - J\u00b7Vigas\",\"isPartOf\":{\"@id\":\"https:\/\/www.jvigas.com\/#website\"},\"primaryImageOfPage\":{\"@id\":\"https:\/\/www.jvigas.com\/ca\/participem-a-la-fira-enomaq-2023\/#primaryimage\"},\"image\":{\"@id\":\"https:\/\/www.jvigas.com\/ca\/participem-a-la-fira-enomaq-2023\/#primaryimage\"},\"thumbnailUrl\":\"https:\/\/www.jvigas.com\/wp-content\/uploads\/2023\/03\/ENOMAQ_VIGASCORK.jpeg\",\"datePublished\":\"2023-03-07T09:42:57+00:00\",\"dateModified\":\"2023-07-26T10:06:58+00:00\",\"author\":{\"@id\":\"https:\/\/www.jvigas.com\/#\/schema\/person\/6000b0f06a431d233894abea60efa5d0\"},\"description\":\"J\u00b7Vigas participa a la fira Enomaq amb una exposici\u00f3 de fotos de l'artista Caroline Faiola.\",\"breadcrumb\":{\"@id\":\"https:\/\/www.jvigas.com\/ca\/participem-a-la-fira-enomaq-2023\/#breadcrumb\"},\"inLanguage\":\"ca\",\"potentialAction\":[{\"@type\":\"ReadAction\",\"target\":[\"https:\/\/www.jvigas.com\/ca\/participem-a-la-fira-enomaq-2023\/\"]}]},{\"@type\":\"ImageObject\",\"inLanguage\":\"ca\",\"@id\":\"https:\/\/www.jvigas.com\/ca\/participem-a-la-fira-enomaq-2023\/#primaryimage\",\"url\":\"https:\/\/www.jvigas.com\/wp-content\/uploads\/2023\/03\/ENOMAQ_VIGASCORK.jpeg\",\"contentUrl\":\"https:\/\/www.jvigas.com\/wp-content\/uploads\/2023\/03\/ENOMAQ_VIGASCORK.jpeg\",\"width\":429,\"height\":640},{\"@type\":\"BreadcrumbList\",\"@id\":\"https:\/\/www.jvigas.com\/ca\/participem-a-la-fira-enomaq-2023\/#breadcrumb\",\"itemListElement\":[{\"@type\":\"ListItem\",\"position\":1,\"name\":\"Home\",\"item\":\"https:\/\/www.jvigas.com\/ca\/\"},{\"@type\":\"ListItem\",\"position\":2,\"name\":\"Participem a la fira Enomaq 2023\"}]},{\"@type\":\"WebSite\",\"@id\":\"https:\/\/www.jvigas.com\/#website\",\"url\":\"https:\/\/www.jvigas.com\/\",\"name\":\"J\u00b7Vigas\",\"description\":\"Naturaleza \u00b7 Artesan\u00eda \u00b7 Ciencia - Tapones de corcho desde 1887\",\"potentialAction\":[{\"@type\":\"SearchAction\",\"target\":{\"@type\":\"EntryPoint\",\"urlTemplate\":\"https:\/\/www.jvigas.com\/?s={search_term_string}\"},\"query-input\":{\"@type\":\"PropertyValueSpecification\",\"valueRequired\":true,\"valueName\":\"search_term_string\"}}],\"inLanguage\":\"ca\"},{\"@type\":\"Person\",\"@id\":\"https:\/\/www.jvigas.com\/#\/schema\/person\/6000b0f06a431d233894abea60efa5d0\",\"name\":\"jvigas\",\"url\":\"https:\/\/www.jvigas.com\/ca\/author\/jvigas\/\"}]}<\/script>\n<!-- \/ Yoast SEO plugin. -->","yoast_head_json":{"title":"Participem a la fira Enomaq 2023 - J\u00b7Vigas","description":"J\u00b7Vigas participa a la fira Enomaq amb una exposici\u00f3 de fotos de l'artista Caroline Faiola.","robots":{"index":"index","follow":"follow","max-snippet":"max-snippet:-1","max-image-preview":"max-image-preview:large","max-video-preview":"max-video-preview:-1"},"canonical":"https:\/\/www.jvigas.com\/ca\/participem-a-la-fira-enomaq-2023\/","og_locale":"ca_ES","og_type":"article","og_title":"Participem a la fira Enomaq 2023 - J\u00b7Vigas","og_description":"J\u00b7Vigas participa a la fira Enomaq amb una exposici\u00f3 de fotos de l'artista Caroline Faiola.","og_url":"https:\/\/www.jvigas.com\/ca\/participem-a-la-fira-enomaq-2023\/","og_site_name":"J\u00b7Vigas","article_published_time":"2023-03-07T09:42:57+00:00","article_modified_time":"2023-07-26T10:06:58+00:00","og_image":[{"width":429,"height":640,"url":"https:\/\/www.jvigas.com\/wp-content\/uploads\/2023\/03\/ENOMAQ_VIGASCORK.jpeg","type":"image\/jpeg"}],"author":"jvigas","twitter_card":"summary_large_image","twitter_misc":{"Escrit per":"jvigas","Temps estimat de lectura":"3 minuts"},"schema":{"@context":"https:\/\/schema.org","@graph":[{"@type":"WebPage","@id":"https:\/\/www.jvigas.com\/ca\/participem-a-la-fira-enomaq-2023\/","url":"https:\/\/www.jvigas.com\/ca\/participem-a-la-fira-enomaq-2023\/","name":"Participem a la fira Enomaq 2023 - J\u00b7Vigas","isPartOf":{"@id":"https:\/\/www.jvigas.com\/#website"},"primaryImageOfPage":{"@id":"https:\/\/www.jvigas.com\/ca\/participem-a-la-fira-enomaq-2023\/#primaryimage"},"image":{"@id":"https:\/\/www.jvigas.com\/ca\/participem-a-la-fira-enomaq-2023\/#primaryimage"},"thumbnailUrl":"https:\/\/www.jvigas.com\/wp-content\/uploads\/2023\/03\/ENOMAQ_VIGASCORK.jpeg","datePublished":"2023-03-07T09:42:57+00:00","dateModified":"2023-07-26T10:06:58+00:00","author":{"@id":"https:\/\/www.jvigas.com\/#\/schema\/person\/6000b0f06a431d233894abea60efa5d0"},"description":"J\u00b7Vigas participa a la fira Enomaq amb una exposici\u00f3 de fotos de l'artista Caroline Faiola.","breadcrumb":{"@id":"https:\/\/www.jvigas.com\/ca\/participem-a-la-fira-enomaq-2023\/#breadcrumb"},"inLanguage":"ca","potentialAction":[{"@type":"ReadAction","target":["https:\/\/www.jvigas.com\/ca\/participem-a-la-fira-enomaq-2023\/"]}]},{"@type":"ImageObject","inLanguage":"ca","@id":"https:\/\/www.jvigas.com\/ca\/participem-a-la-fira-enomaq-2023\/#primaryimage","url":"https:\/\/www.jvigas.com\/wp-content\/uploads\/2023\/03\/ENOMAQ_VIGASCORK.jpeg","contentUrl":"https:\/\/www.jvigas.com\/wp-content\/uploads\/2023\/03\/ENOMAQ_VIGASCORK.jpeg","width":429,"height":640},{"@type":"BreadcrumbList","@id":"https:\/\/www.jvigas.com\/ca\/participem-a-la-fira-enomaq-2023\/#breadcrumb","itemListElement":[{"@type":"ListItem","position":1,"name":"Home","item":"https:\/\/www.jvigas.com\/ca\/"},{"@type":"ListItem","position":2,"name":"Participem a la fira Enomaq 2023"}]},{"@type":"WebSite","@id":"https:\/\/www.jvigas.com\/#website","url":"https:\/\/www.jvigas.com\/","name":"J\u00b7Vigas","description":"Naturaleza \u00b7 Artesan\u00eda \u00b7 Ciencia - Tapones de corcho desde 1887","potentialAction":[{"@type":"SearchAction","target":{"@type":"EntryPoint","urlTemplate":"https:\/\/www.jvigas.com\/?s={search_term_string}"},"query-input":{"@type":"PropertyValueSpecification","valueRequired":true,"valueName":"search_term_string"}}],"inLanguage":"ca"},{"@type":"Person","@id":"https:\/\/www.jvigas.com\/#\/schema\/person\/6000b0f06a431d233894abea60efa5d0","name":"jvigas","url":"https:\/\/www.jvigas.com\/ca\/author\/jvigas\/"}]}},"_links":{"self":[{"href":"https:\/\/www.jvigas.com\/ca\/wp-json\/wp\/v2\/posts\/7107","targetHints":{"allow":["GET"]}}],"collection":[{"href":"https:\/\/www.jvigas.com\/ca\/wp-json\/wp\/v2\/posts"}],"about":[{"href":"https:\/\/www.jvigas.com\/ca\/wp-json\/wp\/v2\/types\/post"}],"author":[{"embeddable":true,"href":"https:\/\/www.jvigas.com\/ca\/wp-json\/wp\/v2\/users\/2"}],"replies":[{"embeddable":true,"href":"https:\/\/www.jvigas.com\/ca\/wp-json\/wp\/v2\/comments?post=7107"}],"version-history":[{"count":8,"href":"https:\/\/www.jvigas.com\/ca\/wp-json\/wp\/v2\/posts\/7107\/revisions"}],"predecessor-version":[{"id":7149,"href":"https:\/\/www.jvigas.com\/ca\/wp-json\/wp\/v2\/posts\/7107\/revisions\/7149"}],"wp:featuredmedia":[{"embeddable":true,"href":"https:\/\/www.jvigas.com\/ca\/wp-json\/wp\/v2\/media\/5542"}],"wp:attachment":[{"href":"https:\/\/www.jvigas.com\/ca\/wp-json\/wp\/v2\/media?parent=7107"}],"wp:term":[{"taxonomy":"category","embeddable":true,"href":"https:\/\/www.jvigas.com\/ca\/wp-json\/wp\/v2\/categories?post=7107"},{"taxonomy":"post_tag","embeddable":true,"href":"https:\/\/www.jvigas.com\/ca\/wp-json\/wp\/v2\/tags?post=7107"}],"curies":[{"name":"wp","href":"https:\/\/api.w.org\/{rel}","templated":true}]}}